{"id":1697,"date":"2023-03-24T18:50:17","date_gmt":"2023-03-24T17:50:17","guid":{"rendered":"http:\/\/fchard.com\/?p=1697"},"modified":"2024-05-09T18:26:44","modified_gmt":"2024-05-09T16:26:44","slug":"der-fc-hard-zurich-trauert-um-seinen-ehrenprasidenten-mario-vogler","status":"publish","type":"post","link":"http:\/\/fchard.com\/?p=1697","title":{"rendered":"Der FC Hard Z\u00fcrich trauert um seinen Ehrenpr\u00e4sidenten Mario Vogler"},"content":{"rendered":"\n<p>Vor ein paar Wochen erreichte uns die traurige Nachricht, dass unser Ehrenpr\u00e4sident Mario Vogler im 85. Altersjahr verstorben ist (17. Mai 1938 &#8211; 2. M\u00e4rz 2023).<br><br>Mario pr\u00e4gte unseren Club massgeblich und war unser Pr\u00e4sident von 1967 \u2013 1978. Beim \u00dcbertritt vom Satus Sport Verband zum Schweizerischen Fussball Verband 1974 war Mario federf\u00fchrend und koordinierte diesen wichtigen Prozess. In dieser Zeit wechselte auch unser Club Name vom AFCZ (Arbeiter Fussball Club Z\u00fcrich) zum heutigen Namen FC Hard Z\u00fcrich. Auf Grund dieser Verdienste wurde Mario Vogler zum Ehrenpr\u00e4sidenten ernannt.<br><br>Mario war nat\u00fcrlich auch auf dem gr\u00fcnen Rasen aktiv und hat es unter anderem mal geschafft den Ball mit dem verl\u00e4ngerten R\u00fccken ins Tor zu schiessen.<br><br>Der Abschied von Mario fand bereits im engsten Familienkreis statt.<br><br>Lieber Mario der FC Hard Z\u00fcrich trauert um dich und wird dir ein ehrendes Andenken bewahren.<br><br>F\u00fcr den FC Hard Z\u00fcrich<br><br>Mani Malgiaritta<br>Pr\u00e4sident FC Hard Z\u00fcrich 1931<\/p>\n","protected":false},"excerpt":{"rendered":"<p>Vor ein paar Wochen erreichte uns die traurige Nachricht, dass unser Ehrenpr\u00e4sident Mario Vogler im 85. Altersjahr verstorben ist (17. Mai 1938 &#8211; 2. M\u00e4rz 2023). Mario pr\u00e4gte unseren Club massgeblich und war unser Pr\u00e4sident von 1967 \u2013 1978. Beim \u00dcbertritt vom Satus Sport Verband zum Schweizerischen Fussball Verband 1974 war Mario federf\u00fchrend und koordinierte &hellip; <a href=\"http:\/\/fchard.com\/?p=1697\" class=\"more-link\">Continue reading <span class=\"screen-reader-text\">Der FC Hard Z\u00fcrich trauert um seinen Ehrenpr\u00e4sidenten Mario Vogler<\/span> <span class=\"meta-nav\">&rarr;<\/span><\/a><\/p>\n","protected":false},"author":4,"featured_media":1701,"comment_status":"open","ping_status":"open","sticky":false,"template":"","format":"standard","meta":[],"categories":[1,10],"tags":[],"_links":{"self":[{"href":"http:\/\/fchard.com\/index.php?rest_route=\/wp\/v2\/posts\/1697"}],"collection":[{"href":"http:\/\/fchard.com\/index.php?rest_route=\/wp\/v2\/posts"}],"about":[{"href":"http:\/\/fchard.com\/index.php?rest_route=\/wp\/v2\/types\/post"}],"author":[{"embeddable":true,"href":"http:\/\/fchard.com\/index.php?rest_route=\/wp\/v2\/users\/4"}],"replies":[{"embeddable":true,"href":"http:\/\/fchard.com\/index.php?rest_route=%2Fwp%2Fv2%2Fcomments&post=1697"}],"version-history":[{"count":2,"href":"http:\/\/fchard.com\/index.php?rest_route=\/wp\/v2\/posts\/1697\/revisions"}],"predecessor-version":[{"id":1700,"href":"http:\/\/fchard.com\/index.php?rest_route=\/wp\/v2\/posts\/1697\/revisions\/1700"}],"wp:featuredmedia":[{"embeddable":true,"href":"http:\/\/fchard.com\/index.php?rest_route=\/wp\/v2\/media\/1701"}],"wp:attachment":[{"href":"http:\/\/fchard.com\/index.php?rest_route=%2Fwp%2Fv2%2Fmedia&parent=1697"}],"wp:term":[{"taxonomy":"category","embeddable":true,"href":"http:\/\/fchard.com\/index.php?rest_route=%2Fwp%2Fv2%2Fcategories&post=1697"},{"taxonomy":"post_tag","embeddable":true,"href":"http:\/\/fchard.com\/index.php?rest_route=%2Fwp%2Fv2%2Ftags&post=1697"}],"curies":[{"name":"wp","href":"https:\/\/api.w.org\/{rel}","templated":true}]}}