{"id":440,"date":"2022-06-23T19:06:30","date_gmt":"2022-06-23T17:06:30","guid":{"rendered":"http:\/\/fchard.com\/?p=440"},"modified":"2023-03-24T18:55:11","modified_gmt":"2023-03-24T17:55:11","slug":"fc-hard-trauert-um-walter-walti-naf","status":"publish","type":"post","link":"http:\/\/fchard.com\/?p=440","title":{"rendered":"FC Hard trauert um Walter Nef"},"content":{"rendered":"\n<p>Der FC Hard Z\u00fcrich trauert um Walti Nef. Nach kurzer schwerer Krankheit ist unser Freimitglied Walti N\u00e4f am vergangenen Sonntag 19. Juni 2022 still und leise von uns gegangen.<\/p>\n\n\n\n<div class=\"wp-block-image\"><figure class=\"aligncenter size-large\"><img src=\"http:\/\/fchard.com\/wp-content\/uploads\/2022\/06\/220623_fch_wn_bw.jpg\" alt=\"\" class=\"wp-image-443\"\/><\/figure><\/div>\n\n\n\n<p><br>Obwohl wir von seinem schlechten Gesundheitszustand wussten, macht uns sein pl\u00f6tzlicher Tod sehr betroffen. Mit Walti verlieren wir einen liebensw\u00fcrdigen Kollegen  und Freund, der unz\u00e4hlige Stunden f\u00fcr uns auf dem Fussballplatz oder an Anl\u00e4ssen geopfert hat. Walti mussten wir jeweils nicht lange fragen. Er war einfach immer da. Nun hast du deine letzte Reise angetreten und bestimmt braucht es auch da oben einer der zum Rechten schaut, damit die Eckfahnen mitgenommen werden und der Pausentee auf der Spielerbank ist. <br><br>RIP Walti ..der FC Hard dankt dir und trauert um dich. <br><br>Im Namen des ganzen FC Hard Z\u00fcrich 1931<br>Mani Malgiaritta<br>Pr\u00e4sident<\/p>\n","protected":false},"excerpt":{"rendered":"<p>Der FC Hard Z\u00fcrich trauert um Walti Nef. Nach kurzer schwerer Krankheit ist unser Freimitglied Walti N\u00e4f am vergangenen Sonntag 19. Juni 2022 still und leise von uns gegangen. Obwohl wir von seinem schlechten Gesundheitszustand wussten, macht uns sein pl\u00f6tzlicher Tod sehr betroffen. Mit Walti verlieren wir einen liebensw\u00fcrdigen Kollegen und Freund, der unz\u00e4hlige Stunden &hellip; <a href=\"http:\/\/fchard.com\/?p=440\" class=\"more-link\">Continue reading <span class=\"screen-reader-text\">FC Hard trauert um Walter Nef<\/span> <span class=\"meta-nav\">&rarr;<\/span><\/a><\/p>\n","protected":false},"author":4,"featured_media":447,"comment_status":"open","ping_status":"open","sticky":false,"template":"","format":"standard","meta":[],"categories":[1,10],"tags":[],"_links":{"self":[{"href":"http:\/\/fchard.com\/index.php?rest_route=\/wp\/v2\/posts\/440"}],"collection":[{"href":"http:\/\/fchard.com\/index.php?rest_route=\/wp\/v2\/posts"}],"about":[{"href":"http:\/\/fchard.com\/index.php?rest_route=\/wp\/v2\/types\/post"}],"author":[{"embeddable":true,"href":"http:\/\/fchard.com\/index.php?rest_route=\/wp\/v2\/users\/4"}],"replies":[{"embeddable":true,"href":"http:\/\/fchard.com\/index.php?rest_route=%2Fwp%2Fv2%2Fcomments&post=440"}],"version-history":[{"count":4,"href":"http:\/\/fchard.com\/index.php?rest_route=\/wp\/v2\/posts\/440\/revisions"}],"predecessor-version":[{"id":448,"href":"http:\/\/fchard.com\/index.php?rest_route=\/wp\/v2\/posts\/440\/revisions\/448"}],"wp:featuredmedia":[{"embeddable":true,"href":"http:\/\/fchard.com\/index.php?rest_route=\/wp\/v2\/media\/447"}],"wp:attachment":[{"href":"http:\/\/fchard.com\/index.php?rest_route=%2Fwp%2Fv2%2Fmedia&parent=440"}],"wp:term":[{"taxonomy":"category","embeddable":true,"href":"http:\/\/fchard.com\/index.php?rest_route=%2Fwp%2Fv2%2Fcategories&post=440"},{"taxonomy":"post_tag","embeddable":true,"href":"http:\/\/fchard.com\/index.php?rest_route=%2Fwp%2Fv2%2Ftags&post=440"}],"curies":[{"name":"wp","href":"https:\/\/api.w.org\/{rel}","templated":true}]}}