{"id":7992,"date":"2025-06-22T17:21:11","date_gmt":"2025-06-22T15:21:11","guid":{"rendered":"http:\/\/fchard.com\/?p=7992"},"modified":"2025-06-22T17:26:17","modified_gmt":"2025-06-22T15:26:17","slug":"nach-10-jahren-endlich-wieder-4-liga","status":"publish","type":"post","link":"http:\/\/fchard.com\/?p=7992","title":{"rendered":"Nach 10 Jahren endlich wieder 4.Liga"},"content":{"rendered":"\n<p><strong>Die erste Mannschaft schafft den Aufstieg in die 4.Liga<\/strong>!<\/p>\n\n\n\n<p>Nach einer langen und harten Saison konnte die erste Mannschaft gestern Abend in Affoltern am Albis mit einem klaren 2-5 Sieg gegen den FC Knonau-Mettmenstetten alles klar machen und sich den 2. Tabellenplatz sichern. Damit ist der Aufstieg in die 4.Liga Tatsache.<br>Die Unterst\u00fctzung der zahlreichen Fans war grandios und die Feier danach ausgelassen! Die FC Hard Familie lebt!<\/p>\n\n\n\n<p>In der Saison 2015\/16 ist das Eins vom FC Hard zuletzt aus der 4.Liga abgestiegen. Nach vielen harten Saisons und etlichen R\u00fcckschl\u00e4gen hat die Mannschaft nun ihr grosses Ziel  erf\u00fcllen k\u00f6nnen und den Aufstieg nach 10 Jahren geschafft. F\u00fcr die kommende Saison 2025\/26 darf man endlich wieder eine Klasse  h\u00f6her spielen.<\/p>\n\n\n\n<p>Man of the Match ist das FC Hard Uhrgestein Chidi. Mit seinen 8 Saisons im Verein ist er mit Abstand der Dienst\u00e4lteste und ausgerechnet er schiesst nun den FC Hard mit unglaublichen 4 Toren in nur 30min praktisch im Alleingang zum Sieg! Leo macht nach herrlicher Vorlage von Tiago dann das 5. und entscheidende Tor und der Jubel ist ausgelassen. Auch beim Feiern darf der traditionelle Eisk\u00fcbel nicht fehlen. Unser Aufstiegstrainer Jo Soares, der diese Saison unerm\u00fcdlich war und unglaublichen Einsatz gezeigt hatte, hat sich die kalte Dusche redlich verdient. Dank ihm, den Captains Julio, Andr\u00e9 und Hugo aber nat\u00fcrlich auch dank der ganzen Mannschaft, die entschlossen und fokussiert diese Aufstiegssaison gemeistert hatte, sein Dank.<\/p>\n\n\n\n<figure class=\"wp-container-2 wp-block-gallery-1 wp-block-gallery has-nested-images columns-default is-cropped\">\n<figure class=\"wp-block-image size-large\"><img loading=\"lazy\" width=\"1064\" height=\"1416\" data-id=\"8011\"  src=\"http:\/\/fchard.com\/wp-content\/uploads\/2025\/06\/Foto_Chidi-1-edited.jpg\" alt=\"\" class=\"wp-image-8011\" srcset=\"http:\/\/fchard.com\/wp-content\/uploads\/2025\/06\/Foto_Chidi-1-edited.jpg 1064w, http:\/\/fchard.com\/wp-content\/uploads\/2025\/06\/Foto_Chidi-1-edited-225x300.jpg 225w, http:\/\/fchard.com\/wp-content\/uploads\/2025\/06\/Foto_Chidi-1-edited-769x1024.jpg 769w, http:\/\/fchard.com\/wp-content\/uploads\/2025\/06\/Foto_Chidi-1-edited-768x1022.jpg 768w\" sizes=\"(max-width: 1064px) 100vw, 1064px\" \/><\/figure>\n\n\n\n<figure class=\"wp-block-image size-large\"><img loading=\"lazy\" width=\"1238\" height=\"1570\" data-id=\"8012\"  src=\"http:\/\/fchard.com\/wp-content\/uploads\/2025\/06\/Torjubel_bea_2-1-edited.jpg\" alt=\"\" class=\"wp-image-8012\" srcset=\"http:\/\/fchard.com\/wp-content\/uploads\/2025\/06\/Torjubel_bea_2-1-edited.jpg 1238w, http:\/\/fchard.com\/wp-content\/uploads\/2025\/06\/Torjubel_bea_2-1-edited-237x300.jpg 237w, http:\/\/fchard.com\/wp-content\/uploads\/2025\/06\/Torjubel_bea_2-1-edited-807x1024.jpg 807w, http:\/\/fchard.com\/wp-content\/uploads\/2025\/06\/Torjubel_bea_2-1-edited-768x974.jpg 768w, http:\/\/fchard.com\/wp-content\/uploads\/2025\/06\/Torjubel_bea_2-1-edited-1211x1536.jpg 1211w\" sizes=\"(max-width: 1238px) 100vw, 1238px\" \/><\/figure>\n\n\n\n<figure class=\"wp-block-image size-large\"><img loading=\"lazy\" width=\"1064\" height=\"1416\" data-id=\"8013\"  src=\"http:\/\/fchard.com\/wp-content\/uploads\/2025\/06\/Foto_Jo-1-edited.jpg\" alt=\"\" class=\"wp-image-8013\" srcset=\"http:\/\/fchard.com\/wp-content\/uploads\/2025\/06\/Foto_Jo-1-edited.jpg 1064w, http:\/\/fchard.com\/wp-content\/uploads\/2025\/06\/Foto_Jo-1-edited-225x300.jpg 225w, http:\/\/fchard.com\/wp-content\/uploads\/2025\/06\/Foto_Jo-1-edited-769x1024.jpg 769w, http:\/\/fchard.com\/wp-content\/uploads\/2025\/06\/Foto_Jo-1-edited-768x1022.jpg 768w\" sizes=\"(max-width: 1064px) 100vw, 1064px\" \/><\/figure>\n<\/figure>\n\n\n\n<figure class=\"wp-container-4 wp-block-gallery-3 wp-block-gallery has-nested-images columns-default is-cropped\">\n<figure class=\"wp-block-image size-large\"><img loading=\"lazy\" width=\"1600\" height=\"900\" data-id=\"8001\"  src=\"http:\/\/fchard.com\/wp-content\/uploads\/2025\/06\/Mannschaftsfoto-H1-2_bea.jpg\" alt=\"\" class=\"wp-image-8001\" srcset=\"http:\/\/fchard.com\/wp-content\/uploads\/2025\/06\/Mannschaftsfoto-H1-2_bea.jpg 1600w, http:\/\/fchard.com\/wp-content\/uploads\/2025\/06\/Mannschaftsfoto-H1-2_bea-300x169.jpg 300w, http:\/\/fchard.com\/wp-content\/uploads\/2025\/06\/Mannschaftsfoto-H1-2_bea-1024x576.jpg 1024w, http:\/\/fchard.com\/wp-content\/uploads\/2025\/06\/Mannschaftsfoto-H1-2_bea-768x432.jpg 768w, http:\/\/fchard.com\/wp-content\/uploads\/2025\/06\/Mannschaftsfoto-H1-2_bea-1536x864.jpg 1536w\" sizes=\"(max-width: 1600px) 100vw, 1600px\" \/><\/figure>\n<\/figure>\n\n\n\n<p>Die ganze Mannschaft bedankt sich bei den zahlreichen Fans, Freunden und Familien, die uns an jedem Wochenende auf dieser Reise unterst\u00fctzt haben! Den Frauen und Kindern unserer Jungs, die sie f\u00fcr diese grosse Zeitinvestition entbehrt haben. Dem ganzen Vorstand und  dem Pr\u00e4sidenten Rebsli f\u00fcr die Unterst\u00fctzung und Begleitung auf dieser Reise. Besonders auch Dank an die Spikos Kevin und Raphi welche die Z\u00fcgel in der Hand halten und alles Organisieren. Nicht zuletzt Dank an die Supporter, Sponsoren und Siedsrichter des Clubs, welche es \u00fcberhaupt erst m\u00f6glich machen, dass wir spielen k\u00f6nnen.<\/p>\n\n\n\n<p><strong>Ihr macht unseren Verein zu einer grossen Familie! Go Hard.<\/strong><\/p>\n\n\n\n<figure class=\"wp-block-video\"><video controls src=\"http:\/\/fchard.com\/wp-content\/uploads\/2025\/06\/Video_Go_Hard-1.mov\"><\/video><\/figure>\n","protected":false},"excerpt":{"rendered":"<p>Die erste Mannschaft schafft den Aufstieg in die 4.Liga! Nach einer langen und harten Saison konnte die erste Mannschaft gestern Abend in Affoltern am Albis mit einem klaren 2-5 Sieg gegen den FC Knonau-Mettmenstetten alles klar machen und sich den 2. Tabellenplatz sichern. Damit ist der Aufstieg in die 4.Liga Tatsache.Die Unterst\u00fctzung der zahlreichen Fans &hellip; <a href=\"http:\/\/fchard.com\/?p=7992\" class=\"more-link\">Continue reading <span class=\"screen-reader-text\">Nach 10 Jahren endlich wieder 4.Liga<\/span> <span class=\"meta-nav\">&rarr;<\/span><\/a><\/p>\n","protected":false},"author":1,"featured_media":8018,"comment_status":"open","ping_status":"open","sticky":true,"template":"","format":"standard","meta":[],"categories":[1,7,10],"tags":[],"_links":{"self":[{"href":"http:\/\/fchard.com\/index.php?rest_route=\/wp\/v2\/posts\/7992"}],"collection":[{"href":"http:\/\/fchard.com\/index.php?rest_route=\/wp\/v2\/posts"}],"about":[{"href":"http:\/\/fchard.com\/index.php?rest_route=\/wp\/v2\/types\/post"}],"author":[{"embeddable":true,"href":"http:\/\/fchard.com\/index.php?rest_route=\/wp\/v2\/users\/1"}],"replies":[{"embeddable":true,"href":"http:\/\/fchard.com\/index.php?rest_route=%2Fwp%2Fv2%2Fcomments&post=7992"}],"version-history":[{"count":3,"href":"http:\/\/fchard.com\/index.php?rest_route=\/wp\/v2\/posts\/7992\/revisions"}],"predecessor-version":[{"id":8020,"href":"http:\/\/fchard.com\/index.php?rest_route=\/wp\/v2\/posts\/7992\/revisions\/8020"}],"wp:featuredmedia":[{"embeddable":true,"href":"http:\/\/fchard.com\/index.php?rest_route=\/wp\/v2\/media\/8018"}],"wp:attachment":[{"href":"http:\/\/fchard.com\/index.php?rest_route=%2Fwp%2Fv2%2Fmedia&parent=7992"}],"wp:term":[{"taxonomy":"category","embeddable":true,"href":"http:\/\/fchard.com\/index.php?rest_route=%2Fwp%2Fv2%2Fcategories&post=7992"},{"taxonomy":"post_tag","embeddable":true,"href":"http:\/\/fchard.com\/index.php?rest_route=%2Fwp%2Fv2%2Ftags&post=7992"}],"curies":[{"name":"wp","href":"https:\/\/api.w.org\/{rel}","templated":true}]}}